{"id":3798,"date":"2025-05-06T16:43:17","date_gmt":"2025-05-06T08:43:17","guid":{"rendered":"https:\/\/cnfsgroup.com\/?post_type=news&#038;p=3798"},"modified":"2025-05-06T16:56:34","modified_gmt":"2025-05-06T08:56:34","slug":"fangsheng-danimarka-ci%cc%87cek-arabasi","status":"publish","type":"news","link":"https:\/\/cnfsgroup.com\/tr\/haberler\/fangsheng-danimarka-ci%cc%87cek-arabasi\/","title":{"rendered":"Fangsheng: Danimarka \u00c7i\u00e7ek Arabas\u0131"},"content":{"rendered":"<p>G\u00fcn\u00fcm\u00fczde seralar, fidanl\u0131klar, depolar ve lojistik sekt\u00f6r\u00fcndeki i\u015fletmeler b\u00fcy\u00fck bir sorunla kar\u015f\u0131 kar\u015f\u0131yad\u0131r: mallar\u0131 h\u0131zl\u0131, g\u00fcvenli ve esnek bir \u015fekilde ta\u015f\u0131mak,<strong>Danimarka tramvaylar\u0131<\/strong> bir\u00e7oklar\u0131 i\u00e7in cevap haline gelmi\u015ftir. Peki, ihtiyac\u0131n\u0131z olan kalite, g\u00fcvenilirlik ve de\u011feri elde ediyor musunuz? Fangsheng'in nas\u0131l <em>2000 d\u00f6n\u00fcml\u00fck, son teknoloji \u00fcr\u00fcn\u00fc fabrika<\/em> \u00c7in'de, \u00fcr\u00fcn geli\u015ftirmeden sat\u0131\u015f sonras\u0131 bak\u0131ma kadar d\u00fcnya \u00e7ap\u0131ndaki m\u00fc\u015fteriler i\u00e7in bu sorunlar\u0131 \u00e7\u00f6zmektedir.<\/p>\n\n\n<div class=\"wp-block-image\">\n<figure class=\"aligncenter size-full\"><img loading=\"lazy\" decoding=\"async\" width=\"600\" height=\"600\" src=\"https:\/\/cnfsgroup.com\/wp-content\/uploads\/2025\/04\/222.webp\" alt=\"\" class=\"wp-image-3387\" srcset=\"https:\/\/cnfsgroup.com\/wp-content\/uploads\/2025\/04\/222.webp 600w, https:\/\/cnfsgroup.com\/wp-content\/uploads\/2025\/04\/222-300x300.webp 300w, https:\/\/cnfsgroup.com\/wp-content\/uploads\/2025\/04\/222-150x150.webp 150w, https:\/\/cnfsgroup.com\/wp-content\/uploads\/2025\/04\/222-12x12.webp 12w\" sizes=\"(max-width: 600px) 100vw, 600px\" \/><\/figure><\/div>\n\n\n<p>&nbsp;<\/p>\n\n\n\n<p><strong>Bu sorunlardan biri veya birka\u00e7\u0131yla kar\u015f\u0131la\u015f\u0131yor musunuz?<\/strong><\/p>\n\n\n\n<ul class=\"wp-block-list\">\n<li><strong>A\u011f\u0131r y\u00fckler<\/strong>\u00a0elle ta\u015f\u0131may\u0131 g\u00fcvensiz ve yava\u015f hale getirir.<\/li>\n\n\n\n<li><strong>Verimsiz arabalar<\/strong>\u00a0gecikmelere ve \u00fcr\u00fcn hasar\u0131na neden olabilir.<\/li>\n\n\n\n<li><strong>D\u00fc\u015f\u00fck kaliteli arabalar<\/strong>\u00a0h\u0131zl\u0131 bir \u015fekilde bozulur ve daha fazla harcamaya yol a\u00e7ar.<\/li>\n\n\n\n<li><strong>\u00d6zelle\u015ftirme eksikli\u011fi<\/strong>\u00a0ara\u00e7lar\u0131n ihtiya\u00e7lar\u0131n\u0131za tam olarak uymad\u0131\u011f\u0131 anlam\u0131na gelir.<\/li>\n\n\n\n<li><strong>Tutars\u0131z \u00fcr\u00fcn standartlar\u0131<\/strong>\u00a0uluslararas\u0131 al\u0131c\u0131lar i\u00e7in risk olu\u015fturmaktad\u0131r.<\/li>\n<\/ul>\n\n\n\n<p>Gibi sekt\u00f6rler i\u00e7in:<\/p>\n\n\n\n<ul class=\"wp-block-list\">\n<li><strong>Seralar ve fidanl\u0131klar:<\/strong>\u00a0Bitkilerin ta\u015f\u0131nmas\u0131 ve sergilenmesi.<\/li>\n\n\n\n<li><strong>Depolar:<\/strong>\u00a0H\u0131zl\u0131 ve g\u00fcvenli mal ta\u015f\u0131mac\u0131l\u0131\u011f\u0131.<\/li>\n\n\n\n<li><strong>Lojistik:<\/strong>\u00a0Zamana duyarl\u0131 teslimat talepleri.<\/li>\n<\/ul>\n\n\n\n<p>Aletleriniz zay\u0131f oldu\u011funda, i\u015finiz zarar g\u00f6r\u00fcr.<\/p>\n\n\n\n<hr class=\"wp-block-separator has-alpha-channel-opacity\"\/>\n\n\n\n<h2 class=\"wp-block-heading\"><strong>Geleneksel \u00c7\u00f6z\u00fcmler Neden Ba\u015far\u0131s\u0131z Olur?<\/strong><\/h2>\n\n\n\n<p>Piyasadaki bir\u00e7ok el arabas\u0131 ortak hatalar\u0131 payla\u015fmaktad\u0131r:<\/p>\n\n\n\n<p><strong>1. D\u00fc\u015f\u00fck Dayan\u0131kl\u0131l\u0131k<\/strong><\/p>\n\n\n\n<blockquote class=\"wp-block-quote is-layout-flow wp-block-quote-is-layout-flow\">\n<p>&#8220;80% of vintage Danish trolleys used premium teak, making them long-lasting. Modern low-cost models often use cheaper materials, reducing lifespan.&#8221; <a class=\"StyledTooltip-kvbnBh jRvxGz\" href=\"https:\/\/www.researchgate.net\/publication\/46545177_The_Mobility_Transition_Revisited_1500-1900_What_the_Case_of_Europe_Can_Offer_to_Global_History\" target=\"_blank\" rel=\"noopener noreferrer\" aria-describedby=\"\u00abrgag\u00bb\"><sup data-citation=\"{&quot;url&quot;:&quot;https:\/\/www.researchgate.net\/publication\/46545177_The_Mobility_Transition_Revisited_1500-1900_What_the_Case_of_Europe_Can_Offer_to_Global_History&quot;,&quot;title&quot;:&quot;The Mobility Transition Revisited, 1500\u20131900: What the Case of Europe Can Offer to Global History&quot;,&quot;content&quot;:&quot;Historians of migration have increasingly criticized the idea of a , which assumed that pre-modern societies in Europe were geographically fairly immobile, and that people only started to move in unpr&quot;}\">1<\/sup><\/a><\/p>\n<\/blockquote>\n\n\n\n<p><strong>2. D\u00fc\u015f\u00fck \u00dcretim Kapasitesi<\/strong><\/p>\n\n\n\n<blockquote class=\"wp-block-quote is-layout-flow wp-block-quote-is-layout-flow\">\n<p>&#8220;Some suppliers cannot meet demand during peak seasons. This slows down business, leading to missed sales and unhappy clients.&#8221;&nbsp;<\/p>\n<\/blockquote>\n\n\n\n<p><strong>3. K\u00fcresel Uyumluluk Yok<\/strong><\/p>\n\n\n\n<blockquote class=\"wp-block-quote is-layout-flow wp-block-quote-is-layout-flow\">\n<p>&#8220;Without ISO9001, CE, and REACH certifications, many products don\u2019t pass customs or safety checks in Europe, Japan, or the US.&#8221;&nbsp;<\/p>\n<\/blockquote>\n\n\n\n<p><strong>4. Esneklik Eksikli\u011fi<\/strong><\/p>\n\n\n\n<blockquote class=\"wp-block-quote is-layout-flow wp-block-quote-is-layout-flow\">\n<p>&#8220;A one-size-fits-all design doesn\u2019t serve niche requirements, such as space-saving trolleys for urban nurseries or heavy-duty carts for warehouses.&#8221; <a class=\"StyledTooltip-kvbnBh jRvxGz\" href=\"https:\/\/www.researchgate.net\/publication\/46545177_The_Mobility_Transition_Revisited_1500-1900_What_the_Case_of_Europe_Can_Offer_to_Global_History\" target=\"_blank\" rel=\"noopener noreferrer\" aria-describedby=\"\u00abrgam\u00bb\"><sup data-citation=\"{&quot;url&quot;:&quot;https:\/\/www.researchgate.net\/publication\/46545177_The_Mobility_Transition_Revisited_1500-1900_What_the_Case_of_Europe_Can_Offer_to_Global_History&quot;,&quot;title&quot;:&quot;The Mobility Transition Revisited, 1500\u20131900: What the Case of Europe Can Offer to Global History&quot;,&quot;content&quot;:&quot;Historians of migration have increasingly criticized the idea of a , which assumed that pre-modern societies in Europe were geographically fairly immobile, and that people only started to move in unpr&quot;}\">1<\/sup><\/a><\/p>\n<\/blockquote>\n\n\n\n<p><strong>5. K\u00f6t\u00fc Sat\u0131\u015f Sonras\u0131 Hizmet<\/strong><\/p>\n\n\n\n<blockquote class=\"wp-block-quote is-layout-flow wp-block-quote-is-layout-flow\">\n<p>&#8220;When something breaks, customers are left waiting weeks for parts, or receive no service at all.&#8221;&nbsp;<\/p>\n<\/blockquote>\n\n\n\n<p><strong>Bu sadece zaman kayb\u0131 de\u011fil, ayn\u0131 zamanda i\u015f kayb\u0131d\u0131r.<\/strong> Ara\u015ft\u0131rmalar, al\u0131c\u0131lar\u0131n 58%'sinin art\u0131k <em>\u00fcr\u00fcn kalitesi<\/em> en \u00f6nemli endi\u015feleri olarak g\u00f6rmektedir. 34% istiyorum <em>mobi\u0307li\u0307te \u00e7\u00f6z\u00fcmleri\u0307<\/em> k\u00fc\u00e7\u00fck, kalabal\u0131k alanlarda \u00e7al\u0131\u015fan <a class=\"StyledTooltip-kvbnBh jRvxGz\" href=\"https:\/\/www.researchgate.net\/publication\/46545177_The_Mobility_Transition_Revisited_1500-1900_What_the_Case_of_Europe_Can_Offer_to_Global_History\" target=\"_blank\" rel=\"noopener noreferrer\" aria-describedby=\"\u00abrgaq\u00bb\"><sup data-citation=\"{&quot;url&quot;:&quot;https:\/\/www.researchgate.net\/publication\/46545177_The_Mobility_Transition_Revisited_1500-1900_What_the_Case_of_Europe_Can_Offer_to_Global_History&quot;,&quot;title&quot;:&quot;The Mobility Transition Revisited, 1500\u20131900: What the Case of Europe Can Offer to Global History&quot;,&quot;content&quot;:&quot;Historians of migration have increasingly criticized the idea of a , which assumed that pre-modern societies in Europe were geographically fairly immobile, and that people only started to move in unpr&quot;}\">1<\/sup><\/a>.<\/p>\n\n\n<div class=\"wp-block-image\">\n<figure class=\"aligncenter size-full\"><img loading=\"lazy\" decoding=\"async\" width=\"600\" height=\"400\" src=\"https:\/\/cnfsgroup.com\/wp-content\/uploads\/2025\/04\/a-greenhouse-worker-adjusting-the-height-of-a-flo.webp\" alt=\"\u00e7i\u00e7ek arabas\u0131\" class=\"wp-image-3354\" srcset=\"https:\/\/cnfsgroup.com\/wp-content\/uploads\/2025\/04\/a-greenhouse-worker-adjusting-the-height-of-a-flo.webp 600w, https:\/\/cnfsgroup.com\/wp-content\/uploads\/2025\/04\/a-greenhouse-worker-adjusting-the-height-of-a-flo-300x200.webp 300w, https:\/\/cnfsgroup.com\/wp-content\/uploads\/2025\/04\/a-greenhouse-worker-adjusting-the-height-of-a-flo-18x12.webp 18w\" sizes=\"(max-width: 600px) 100vw, 600px\" \/><figcaption class=\"wp-element-caption\">\u00e7i\u00e7ek arabas\u0131<\/figcaption><\/figure><\/div>\n\n\n<p>Here&#8217;s a look at <strong>eski\u0307 \u00e7\u00f6z\u00fcmler neden ba\u015farisiz oluyor?<\/strong>:<\/p>\n\n\n\n<figure class=\"wp-block-table\"><table class=\"has-fixed-layout\"><thead><tr><th>Meydan okuma<\/th><th>Darbe<\/th><th>Ortak Pazar Sorunu<\/th><\/tr><\/thead><tbody><tr><td>Zay\u0131f yap\u0131<\/td><td>\u00c7\u00f6kmeler, kazalar<\/td><td>D\u00fc\u015f\u00fck maliyetli, seri \u00fcretim<\/td><\/tr><tr><td>Sertifika yok<\/td><td>G\u00fcmr\u00fck sorunlar\u0131<\/td><td>Ka\u00e7\u0131r\u0131lan k\u00fcresel sat\u0131\u015flar<\/td><\/tr><tr><td>Yava\u015f teslimat<\/td><td>K\u00e2r kayb\u0131<\/td><td>Esnek olmayan tedarik zinciri<\/td><\/tr><tr><td>\u00d6zelle\u015ftirme yok<\/td><td>K\u00f6t\u00fc uyum<\/td><td>Jenerik kitlesel pazar tasar\u0131mlar\u0131<\/td><\/tr><\/tbody><\/table><\/figure>\n\n\n\n<hr class=\"wp-block-separator has-alpha-channel-opacity\"\/>\n\n\n\n<h2 class=\"wp-block-heading\"><strong>Fangsheng'in Danimarka Arabas\u0131 - Modern G\u00fc\u00e7, Esnek Hizmet<\/strong><\/h2>\n\n\n\n<h3 class=\"wp-block-heading\"><strong>A. Fangsheng&#8217;s Factory Strength<\/strong><\/h3>\n\n\n\n<ul class=\"wp-block-list\">\n<li><strong>2000+ D\u00f6n\u00fcml\u00fck Tesis<\/strong>: B\u00fcy\u00fck \u00f6l\u00e7ekli sipari\u015fler i\u00e7in b\u00fcy\u00fck, geli\u015fmi\u015f taban\u00a0<a class=\"StyledTooltip-kvbnBh jRvxGz\" aria-describedby=\"\u00abrgas\u00bb\" href=\"https:\/\/www.researchgate.net\/publication\/46545177_The_Mobility_Transition_Revisited_1500-1900_What_the_Case_of_Europe_Can_Offer_to_Global_History\" target=\"_blank\" rel=\"noopener noreferrer\"><sup data-citation=\"{&quot;url&quot;:&quot;https:\/\/www.researchgate.net\/publication\/46545177_The_Mobility_Transition_Revisited_1500-1900_What_the_Case_of_Europe_Can_Offer_to_Global_History&quot;,&quot;title&quot;:&quot;The Mobility Transition Revisited, 1500\u20131900: What the Case of Europe Can Offer to Global History&quot;,&quot;content&quot;:&quot;Historians of migration have increasingly criticized the idea of a , which assumed that pre-modern societies in Europe were geographically fairly immobile, and that people only started to move in unpr&quot;}\">1<\/sup><\/a>.<\/li>\n\n\n\n<li><strong>Entegre Operasyonlar<\/strong>: Ar-Ge, \u00fcretim, kalite kontrol, sat\u0131\u015f sonras\u0131 - kesintisiz s\u00fcre\u00e7.<\/li>\n\n\n\n<li><strong>200.000+ Tramvay\/y\u0131l<\/strong>: Pazar talebini kar\u015f\u0131lamak i\u00e7in y\u00fcksek verimlilik.<\/li>\n\n\n\n<li><strong>CNC, Damgalama ve Kaynak Robotlar\u0131<\/strong>: G\u00fcvenilirlik i\u00e7in ultra hassas, otomatik \u00fcretim.<\/li>\n\n\n\n<li><strong>Profesyonel M\u00fchendislik Ekibi<\/strong>: Benzersiz ihtiya\u00e7lar i\u00e7in \u00f6zel tasar\u0131m hizmetleri.<\/li>\n<\/ul>\n\n\n\n<blockquote class=\"wp-block-quote is-layout-flow wp-block-quote-is-layout-flow\">\n<p><em>Esnek, end\u00fcstriyel kalite i\u00e7in do\u011frudan Danimarka Trolley Fabrikas\u0131ndan se\u00e7im yap\u0131n.<\/em><br><a href=\"https:\/\/cnfsgroup.com\/tr\/danimarka-tramvay-fabrikasi\/\" target=\"_blank\" rel=\"noopener noreferrer\">Danimarka Tramvay Fabrikas\u0131<\/a><\/p>\n<\/blockquote>\n\n\n\n<hr class=\"wp-block-separator has-alpha-channel-opacity\"\/>\n\n\n\n<h3 class=\"wp-block-heading\"><strong>B. Kalite ve Sertifikalar<\/strong><\/h3>\n\n\n\n<ul class=\"wp-block-list\">\n<li><strong>ISO9001 Kalite Y\u00f6netimi<\/strong>: Her Danimarka arabas\u0131 en y\u00fcksek kalite i\u00e7in test edilir\u00a0<a class=\"StyledTooltip-kvbnBh jRvxGz\" aria-describedby=\"\u00abrgb2\u00bb\" href=\"https:\/\/www.researchgate.net\/publication\/46545177_The_Mobility_Transition_Revisited_1500-1900_What_the_Case_of_Europe_Can_Offer_to_Global_History\" target=\"_blank\" rel=\"noopener noreferrer\"><sup data-citation=\"{&quot;url&quot;:&quot;https:\/\/www.researchgate.net\/publication\/46545177_The_Mobility_Transition_Revisited_1500-1900_What_the_Case_of_Europe_Can_Offer_to_Global_History&quot;,&quot;title&quot;:&quot;The Mobility Transition Revisited, 1500\u20131900: What the Case of Europe Can Offer to Global History&quot;,&quot;content&quot;:&quot;Historians of migration have increasingly criticized the idea of a , which assumed that pre-modern societies in Europe were geographically fairly immobile, and that people only started to move in unpr&quot;}\">1<\/sup><\/a>.<\/li>\n\n\n\n<li><strong>CE &amp; REACH Sertifikal\u0131<\/strong>: S\u0131k\u0131 Avrupa ve k\u00fcresel standartlar\u0131 kar\u015f\u0131lar.<\/li>\n\n\n\n<li><strong>Dayan\u0131kl\u0131l\u0131k Testi<\/strong>: T\u00fcm \u00fcr\u00fcnler sert iklimler ve zorlu kullan\u0131m i\u00e7in test edilmi\u015ftir.<\/li>\n\n\n\n<li><strong>S\u0131k\u0131 Kalite Kontrol\u00fc<\/strong>: Hammaddeden bitmi\u015f arabaya kadar.<\/li>\n<\/ul>\n\n\n\n<p><em>Her seferinde g\u00fcvenli, uyumlu ve g\u00fcvenilir arabalar al\u0131rs\u0131n\u0131z.<\/em><\/p>\n\n\n\n<hr class=\"wp-block-separator has-alpha-channel-opacity\"\/>\n\n\n\n<h3 class=\"wp-block-heading\"><strong>C. \u00d6zelle\u015ftirme ve Sekt\u00f6r Oda\u011f\u0131<\/strong><\/h3>\n\n\n\n<ul class=\"wp-block-list\">\n<li><strong>Sera Arabalar\u0131<\/strong>: A\u011f\u0131r hizmet tipi veya kompakt, her boyuttaki tesis i\u00e7in.<\/li>\n\n\n\n<li><strong>Fidanl\u0131k ve Te\u015fhir \u00c7\u00f6z\u00fcmleri<\/strong>: Renk, tepsi aral\u0131\u011f\u0131 ve hareketlilik se\u00e7enekleri.<\/li>\n\n\n\n<li><strong>Lojistik + Depo<\/strong>: B\u00fcy\u00fck y\u00fckler, kolay kullan\u0131m ve h\u0131zl\u0131 hareket i\u00e7in \u00f6zel olarak tasarlanm\u0131\u015ft\u0131r.<\/li>\n\n\n\n<li><strong>Esnek Sipari\u015fler<\/strong>: Herhangi bir hacim, herhangi bir tasar\u0131m.<\/li>\n<\/ul>\n\n\n\n<blockquote class=\"wp-block-quote is-layout-flow wp-block-quote-is-layout-flow\">\n<p><em>Projeniz i\u00e7in \u00d6zel Danimarka Arabalar\u0131n\u0131 Ke\u015ffedin<\/em><br><a href=\"https:\/\/cnfsgroup.com\/tr\/ozel-danimarka-arabalari-ureticisi\/\" target=\"_blank\" rel=\"noopener noreferrer\">\u00d6zel Danimarka Arabalar\u0131 \u00dcreticisi<\/a><\/p>\n<\/blockquote>\n\n\n\n<hr class=\"wp-block-separator has-alpha-channel-opacity\"\/>\n\n\n\n<h3 class=\"wp-block-heading\"><strong>D. Geli\u015fmi\u015f \u00d6zellikler ve Rekabet \u00dcst\u00fcnl\u00fc\u011f\u00fc<\/strong><\/h3>\n\n\n\n<p><strong>D\u00fcnya \u00e7ap\u0131ndaki i\u015fletmeler neden Fangsheng'e g\u00fcveniyor?<\/strong><\/p>\n\n\n\n<ul class=\"wp-block-list\">\n<li><strong>Y\u00fcksek Hacim, H\u0131zl\u0131 Geri D\u00f6n\u00fc\u015f<\/strong>- Y\u0131lda 200.000'den fazla araba teslim ediyoruz.<\/li>\n\n\n\n<li><strong>K\u00fcresel \u0130hracat G\u00fcc\u00fc<\/strong>- Danimarka mobilya ihracat\u0131n\u0131n 45%'si Almanya, ABD ve Japonya gibi pazarlara gitmektedir.<\/li>\n\n\n\n<li><strong>\u00dcst Malzemeler<\/strong>- Modern, \u00e7evre dostu ah\u015fap ve \u00e7elik - 65%'ye varan \u00fcretimde art\u0131k FSC sertifikal\u0131 ah\u015fap kullan\u0131l\u0131yor.<\/li>\n\n\n\n<li><strong>Ak\u0131ll\u0131 Tasar\u0131m<\/strong>- Mod\u00fcler, geni\u015fletilmesi, onar\u0131lmas\u0131 ve k\u00fc\u00e7\u00fck alanlarda yeniden konumland\u0131r\u0131lmas\u0131 kolay (kompakt modeller al\u0131c\u0131lar\u0131n 67%'si taraf\u0131ndan tercih edilmektedir\u00a0<a class=\"StyledTooltip-kvbnBh jRvxGz\" aria-describedby=\"\u00abrgb8\u00bb\" href=\"https:\/\/www.researchgate.net\/publication\/46545177_The_Mobility_Transition_Revisited_1500-1900_What_the_Case_of_Europe_Can_Offer_to_Global_History\" target=\"_blank\" rel=\"noopener noreferrer\"><sup data-citation=\"{&quot;url&quot;:&quot;https:\/\/www.researchgate.net\/publication\/46545177_The_Mobility_Transition_Revisited_1500-1900_What_the_Case_of_Europe_Can_Offer_to_Global_History&quot;,&quot;title&quot;:&quot;The Mobility Transition Revisited, 1500\u20131900: What the Case of Europe Can Offer to Global History&quot;,&quot;content&quot;:&quot;Historians of migration have increasingly criticized the idea of a , which assumed that pre-modern societies in Europe were geographically fairly immobile, and that people only started to move in unpr&quot;}\">1<\/sup><\/a>).<\/li>\n\n\n\n<li><strong>En \u0130yi Markalar ve Trendler<\/strong>- Tasar\u0131mlar g\u00fcncel taleplere uygun: minimalist, mobil ve \u015f\u0131k.<\/li>\n\n\n\n<li><strong>Sat\u0131\u015f Sonras\u0131 Hizmet<\/strong>- \u00d6zel destek, yedek par\u00e7alar ve h\u0131zl\u0131 yan\u0131tlar sorunsuz operasyonlar\u0131 garanti eder.<\/li>\n<\/ul>\n\n\n<div class=\"wp-block-image\">\n<figure class=\"aligncenter size-full\"><img decoding=\"async\" src=\"https:\/\/cnfsgroup.com\/wp-content\/uploads\/2025\/04\/a-sunny-outdoor-nursery-with-rows-of-danish-garden-e1744361616134.jpg\" alt=\"danimarka-\u00e7i\u00e7ek-arabas\u0131\" class=\"wp-image-3255\"\/><figcaption class=\"wp-element-caption\">danimarka-\u00e7i\u00e7ek-arabas\u0131<\/figcaption><\/figure><\/div>\n\n\n<blockquote class=\"wp-block-quote is-layout-flow wp-block-quote-is-layout-flow\">\n<p><em>Depo kullan\u0131m\u0131 i\u00e7in a\u011f\u0131r hizmet tipi bir Danimarka arabas\u0131 deneyin<\/em><br><a href=\"https:\/\/cnfsgroup.com\/tr\/agir-hizmet-tipi-danimarka-arabasi-3\/\" target=\"_blank\" rel=\"noopener noreferrer\">A\u011f\u0131r Hizmet Tipi Danimarka Arabas\u0131<\/a><\/p>\n<\/blockquote>\n\n\n\n<hr class=\"wp-block-separator has-alpha-channel-opacity\"\/>\n\n\n\n<h2 class=\"wp-block-heading\"><strong>Danimarka Arabas\u0131 Trendleri ve Faydalar\u0131<\/strong><\/h2>\n\n\n\n<figure class=\"wp-block-table\"><table class=\"has-fixed-layout\"><thead><tr><th>\u00d6zellik\/Stat<\/th><th>Pazar Verileri\/Fayda<\/th><th>&nbsp;<\/th><\/tr><\/thead><tbody><tr><td>\u00dcretim Kapasitesi<\/td><td>200.000+ birim\/y\u0131l<\/td><td>&nbsp;<\/td><\/tr><tr><td>Sertifikalar<\/td><td>ISO9001, CE, REACH<\/td><td>&nbsp;<\/td><\/tr><tr><td>Malzeme (Eko)<\/td><td>2015'te 40%'ye kar\u015f\u0131 \u015fimdi 65% FSC sertifikal\u0131<\/td><td>&nbsp;<\/td><\/tr><tr><td>En \u00c7ok \u0130hracat Yap\u0131lan B\u00f6lgeler<\/td><td>45% Almanya, ABD ve Japonya'ya gidiyor<\/td><td>&nbsp;<\/td><\/tr><tr><td>User Preference &#8211; Compact<\/td><td>67% \u226424\"\/kompakt modelleri tercih edin<\/td><td>&nbsp;<\/td><\/tr><tr><td>Vintage\/Tasar\u0131mc\u0131 Arabas\u0131 De\u011feri<\/td><td>Nadir par\u00e7alar i\u00e7in en iyi m\u00fczayedelerde $8-15k<\/td><td>&nbsp;<\/td><\/tr><tr><td>Pinterest Trafik B\u00fcy\u00fcmesi<\/td><td>2020'den beri 62%'ye kadar \"Danimarka arabas\u0131\" aramalar\u0131<\/td><td>&nbsp;<\/td><\/tr><tr><td>\u00d6zelle\u015ftirme ve Esneklik<\/td><td>Herhangi bir sipari\u015f boyutu, tepsi, y\u00fckseklik, kaplama<\/td><td>&nbsp;<\/td><\/tr><tr><td>Hizmet Kapsam\u0131<\/td><td>K\u00fcresel sat\u0131\u015f sonras\u0131 destek, h\u0131zl\u0131 par\u00e7a teslimat\u0131<\/td><td>&nbsp;<\/td><\/tr><\/tbody><\/table><\/figure>\n\n\n\n<hr class=\"wp-block-separator has-alpha-channel-opacity\"\/>\n\n\n\n<h2 class=\"wp-block-heading\"><strong>Ba\u015far\u0131 \u00d6rne\u011fi: Ger\u00e7ek D\u00fcnya Sonu\u00e7lar\u0131<\/strong><\/h2>\n\n\n\n<ul class=\"wp-block-list\">\n<li><strong>Hotel Sanders, Kopenhag<\/strong>\u00a0oda i\u00e7i yemek i\u00e7in Danimarka arabalar\u0131 kullan\u0131r. Misafir memnuniyeti 18% artt\u0131\u00a0<a class=\"StyledTooltip-kvbnBh jRvxGz\" aria-describedby=\"\u00abrgbs\u00bb\" href=\"https:\/\/www.researchgate.net\/publication\/46545177_The_Mobility_Transition_Revisited_1500-1900_What_the_Case_of_Europe_Can_Offer_to_Global_History\" target=\"_blank\" rel=\"noopener noreferrer\"><sup data-citation=\"{&quot;url&quot;:&quot;https:\/\/www.researchgate.net\/publication\/46545177_The_Mobility_Transition_Revisited_1500-1900_What_the_Case_of_Europe_Can_Offer_to_Global_History&quot;,&quot;title&quot;:&quot;The Mobility Transition Revisited, 1500\u20131900: What the Case of Europe Can Offer to Global History&quot;,&quot;content&quot;:&quot;Historians of migration have increasingly criticized the idea of a , which assumed that pre-modern societies in Europe were geographically fairly immobile, and that people only started to move in unpr&quot;}\">1<\/sup><\/a>.<\/li>\n\n\n\n<li><strong>IKEA'n\u0131n Danimarka tarz\u0131 arabalar\u0131:<\/strong>\u00a02022'de k\u00fc\u00e7\u00fck alan \u00e7\u00f6z\u00fcmleri i\u00e7in 500.000'den fazla \u00fcnite sat\u0131ld\u0131 - artan t\u00fcketici ihtiyac\u0131n\u0131 g\u00f6steriyor\u00a0<a class=\"StyledTooltip-kvbnBh jRvxGz\" aria-describedby=\"\u00abrgbu\u00bb\" href=\"https:\/\/www.researchgate.net\/publication\/46545177_The_Mobility_Transition_Revisited_1500-1900_What_the_Case_of_Europe_Can_Offer_to_Global_History\" target=\"_blank\" rel=\"noopener noreferrer\"><sup data-citation=\"{&quot;url&quot;:&quot;https:\/\/www.researchgate.net\/publication\/46545177_The_Mobility_Transition_Revisited_1500-1900_What_the_Case_of_Europe_Can_Offer_to_Global_History&quot;,&quot;title&quot;:&quot;The Mobility Transition Revisited, 1500\u20131900: What the Case of Europe Can Offer to Global History&quot;,&quot;content&quot;:&quot;Historians of migration have increasingly criticized the idea of a , which assumed that pre-modern societies in Europe were geographically fairly immobile, and that people only started to move in unpr&quot;}\">1<\/sup><\/a>.<\/li>\n<\/ul>\n\n\n\n<hr class=\"wp-block-separator has-alpha-channel-opacity\"\/>\n\n\n\n<h2 class=\"wp-block-heading\"><strong>Fangsheng Danimarka Arabalar\u0131 Nas\u0131l Sipari\u015f Edilir ve Yararlan\u0131l\u0131r<\/strong><\/h2>\n\n\n\n<h3 class=\"wp-block-heading\"><strong>1. \u00dcr\u00fcn \/ \u00d6zel \u00d6zellik Se\u00e7in<\/strong><\/h3>\n\n\n\n<p>T\u00fcm \u00fcr\u00fcn yelpazemizi ke\u015ffedin:<\/p>\n\n\n\n<ul class=\"wp-block-list\">\n<li><a href=\"https:\/\/cnfsgroup.com\/tr\/ozel-cicek-arabasi-ureticisi\/\" target=\"_blank\" rel=\"noopener noreferrer\">\u00d6zel \u00e7i\u00e7ek arabas\u0131 \u00dcreticisi<\/a><\/li>\n\n\n\n<li><a href=\"https:\/\/cnfsgroup.com\/tr\/ozel-danimarka-arabalari-ureticisi\/\" target=\"_blank\" rel=\"noopener noreferrer\">\u00d6zel Danimarka Arabalar\u0131 \u00dcreticisi<\/a><\/li>\n\n\n\n<li><a href=\"https:\/\/cnfsgroup.com\/tr\/danimarka-tramvay-fabrikasi\/\" target=\"_blank\" rel=\"noopener noreferrer\">Danimarka Tramvay Fabrikas\u0131<\/a><\/li>\n<\/ul>\n\n\n\n<h3 class=\"wp-block-heading\"><strong>2. Teklif \u0130steyin<\/strong><\/h3>\n\n\n\n<p>Boyut, a\u011f\u0131rl\u0131k, malzeme, renk, tekerlek tipi gibi gereksinimlerinizi g\u00f6nderin.<\/p>\n\n\n\n<h3 class=\"wp-block-heading\"><strong>3. Numune ve Onay<\/strong><\/h3>\n\n\n\n<p>Seri \u00fcretimden \u00f6nce tasar\u0131m\u0131 g\u00f6r\u00fcn, test edin ve optimize edin.<\/p>\n\n\n\n<h3 class=\"wp-block-heading\"><strong>4. \u00dcretim ve Teslimat<\/strong><\/h3>\n\n\n\n<p>Hedefinize h\u0131zl\u0131, g\u00fcvenilir lojistik.<\/p>\n\n\n\n<h3 class=\"wp-block-heading\"><strong>5. Devam Eden Destek<\/strong><\/h3>\n\n\n\n<p>D\u00fcnya \u00e7ap\u0131nda h\u0131zl\u0131 sat\u0131\u015f sonras\u0131, garanti ve yedek par\u00e7a servisi.<\/p>\n\n\n\n<hr class=\"wp-block-separator has-alpha-channel-opacity\"\/>\n\n\n\n<h2 class=\"wp-block-heading\"><strong>Neden Fangsheng? Basit Bir Liste<\/strong><\/h2>\n\n\n\n<ul class=\"wp-block-list\">\n<li><strong>2000+ d\u00f6n\u00fcm ile \u00c7in'deki en b\u00fcy\u00fck \u00fcs<\/strong><\/li>\n\n\n\n<li><strong>Y\u00fcksek verimlilik i\u00e7in geli\u015fmi\u015f, otomatik hatlar<\/strong><\/li>\n\n\n\n<li><strong>K\u00fcresel sertifikalarla s\u0131k\u0131 kalite<\/strong><\/li>\n\n\n\n<li><strong>\u00dcr\u00fcn Ar-Ge ve \u00f6zelle\u015ftirme i\u00e7in uzman ekip<\/strong><\/li>\n\n\n\n<li><strong>\u00c7evre dostu, modern malzemeler<\/strong><\/li>\n\n\n\n<li><strong>K\u00fcresel teslimat ve hizmet<\/strong><\/li>\n\n\n\n<li><strong>G\u00fc\u00e7l\u00fc sat\u0131\u015f sonras\u0131 destek<\/strong><\/li>\n\n\n\n<li><strong>Her m\u00fc\u015fteri i\u00e7in \u00f6zel \u00e7\u00f6z\u00fcmler<\/strong><\/li>\n<\/ul>\n\n\n<div class=\"wp-block-image\">\n<figure class=\"aligncenter size-full\"><img loading=\"lazy\" decoding=\"async\" width=\"612\" height=\"411\" src=\"https:\/\/cnfsgroup.com\/wp-content\/uploads\/2024\/12\/istockphoto-2154491272-612x612-1.webp\" alt=\"&quot;Verimli Ta\u015f\u0131ma \u00c7\u00f6z\u00fcmleri: \u0130htiya\u00e7lar\u0131n\u0131z \u0130\u00e7in Danimarka \u00c7i\u00e7ek Arabalar\u0131&quot;\" class=\"wp-image-1437\" srcset=\"https:\/\/cnfsgroup.com\/wp-content\/uploads\/2024\/12\/istockphoto-2154491272-612x612-1.webp 612w, https:\/\/cnfsgroup.com\/wp-content\/uploads\/2024\/12\/istockphoto-2154491272-612x612-1-300x201.webp 300w, https:\/\/cnfsgroup.com\/wp-content\/uploads\/2024\/12\/istockphoto-2154491272-612x612-1-18x12.webp 18w\" sizes=\"(max-width: 612px) 100vw, 612px\" \/><figcaption class=\"wp-element-caption\">\u201cVerimli Ta\u015f\u0131ma \u00c7\u00f6z\u00fcmleri: \u0130htiya\u00e7lar\u0131n\u0131z \u0130\u00e7in Danimarka \u00c7i\u00e7ek Arabalar\u0131\u201d<\/figcaption><\/figure><\/div>\n\n\n<hr class=\"wp-block-separator has-alpha-channel-opacity\"\/>\n\n\n\n<h2 class=\"wp-block-heading\"><strong>Daha Fazla Ke\u015fif i\u00e7in Dahili Ba\u011flant\u0131lar<\/strong><\/h2>\n\n\n\n<ul class=\"wp-block-list\">\n<li><a href=\"https:\/\/cnfsgroup.com\/tr\/ozel-danimarka-arabalari-ureticisi\/\" target=\"_blank\" rel=\"noopener noreferrer\">\u00d6zel Danimarka Arabalar\u0131 \u00dcreticisi<\/a><\/li>\n\n\n\n<li><a href=\"https:\/\/cnfsgroup.com\/tr\/danimarka-tramvay-fabrikasi\/\" target=\"_blank\" rel=\"noopener noreferrer\">Danimarka Tramvay Fabrikas\u0131<\/a><\/li>\n\n\n\n<li><a href=\"https:\/\/cnfsgroup.com\/tr\/agir-hizmet-tipi-danimarka-arabasi-3\/\" target=\"_blank\" rel=\"noopener noreferrer\">A\u011f\u0131r Hizmet Tipi Danimarka Arabas\u0131<\/a><\/li>\n<\/ul>\n\n\n\n<hr class=\"wp-block-separator has-alpha-channel-opacity\"\/>\n\n\n\n<h2 class=\"wp-block-heading\"><strong>Sonu\u00e7 ve SSS<\/strong><\/h2>\n\n\n\n<p><strong>S: Bir Danimarka arabas\u0131n\u0131 bu kadar g\u00fcvenilir yapan nedir?<\/strong><br><strong>A:<\/strong> Modern \u00fcretim, geli\u015fmi\u015f otomasyon ve s\u0131k\u0131 ISO9001 s\u00fcre\u00e7leri kaliteyi garanti eder. CE ve REACH gibi k\u00fcresel sertifikalar her yerde g\u00fcvenli kullan\u0131m\u0131 garanti eder <a class=\"StyledTooltip-kvbnBh jRvxGz\" href=\"https:\/\/www.researchgate.net\/publication\/46545177_The_Mobility_Transition_Revisited_1500-1900_What_the_Case_of_Europe_Can_Offer_to_Global_History\" target=\"_blank\" rel=\"noopener noreferrer\" aria-describedby=\"\u00abrgc0\u00bb\"><sup data-citation=\"{&quot;url&quot;:&quot;https:\/\/www.researchgate.net\/publication\/46545177_The_Mobility_Transition_Revisited_1500-1900_What_the_Case_of_Europe_Can_Offer_to_Global_History&quot;,&quot;title&quot;:&quot;The Mobility Transition Revisited, 1500\u20131900: What the Case of Europe Can Offer to Global History&quot;,&quot;content&quot;:&quot;Historians of migration have increasingly criticized the idea of a , which assumed that pre-modern societies in Europe were geographically fairly immobile, and that people only started to move in unpr&quot;}\">1<\/sup><\/a>.<\/p>\n\n\n\n<p><strong>S: \u00d6zel ihtiya\u00e7lar i\u00e7in \u00f6zelle\u015ftirilmi\u015f bir el arabas\u0131 alabilir miyim?<\/strong><br><strong>A:<\/strong> Evet, uzman ekibimiz herhangi bir tepsi boyutu, a\u011f\u0131rl\u0131k kapasitesi veya malzeme tasarlayarak i\u015fletmeniz i\u00e7in m\u00fckemmel uyumu sa\u011flayabilir.<\/p>\n\n\n\n<p><strong>S: Sat\u0131\u015f sonras\u0131 destek ne olacak?<\/strong><br><strong>A:<\/strong> K\u00fcresel servis yap\u0131m\u0131z, her t\u00fcrl\u00fc sorun i\u00e7in h\u0131zl\u0131 yan\u0131t, yedek par\u00e7a ve \u00e7\u00f6z\u00fcm sa\u011flar.<\/p>\n\n\n\n<hr class=\"wp-block-separator has-alpha-channel-opacity\"\/>\n\n\n\n<h3 class=\"wp-block-heading\"><strong>\u00d6nemli Noktalar:<\/strong><\/h3>\n\n\n\n<ul class=\"wp-block-list\">\n<li>Fangsheng'in \u00f6l\u00e7e\u011fi, teknolojisi ve uzmanl\u0131\u011f\u0131, Danimarka arabas\u0131 kalitesi ve esnekli\u011fi konusunda pazara \u00f6nc\u00fcl\u00fck etmektedir.<\/li>\n\n\n\n<li>Sertifikalar ve eko-malzemeler g\u00fcvenilir, s\u00fcrd\u00fcr\u00fclebilir \u00e7al\u0131\u015fma sa\u011flar.<\/li>\n\n\n\n<li>Her sipari\u015fte g\u00fc\u00e7, g\u00fcvenlik ve \u00f6zel \u00e7\u00f6z\u00fcmlerden faydalan\u0131rs\u0131n\u0131z.<\/li>\n<\/ul>\n\n\n\n<p><strong>Bug\u00fcn ba\u015flay\u0131n - Fangsheng'in Danimarka arabalar\u0131 ile verimlili\u011finizi, g\u00fcvenli\u011finizi ve i\u015f de\u011ferinizi art\u0131r\u0131n.<\/strong><\/p>\n\n\n\n<div class=\"markdown\">\n<p><strong>Referanslar:<\/strong><br><a class=\"StyledTooltip-kvbnBh jRvxGz\" href=\"https:\/\/www.researchgate.net\/publication\/46545177_The_Mobility_Transition_Revisited_1500-1900_What_the_Case_of_Europe_Can_Offer_to_Global_History\" target=\"_blank\" rel=\"noopener noreferrer\" aria-describedby=\"\u00abrgc8\u00bb\"><sup data-citation=\"{&quot;url&quot;:&quot;https:\/\/www.researchgate.net\/publication\/46545177_The_Mobility_Transition_Revisited_1500-1900_What_the_Case_of_Europe_Can_Offer_to_Global_History&quot;,&quot;title&quot;:&quot;The Mobility Transition Revisited, 1500\u20131900: What the Case of Europe Can Offer to Global History&quot;,&quot;content&quot;:&quot;Historians of migration have increasingly criticized the idea of a , which assumed that pre-modern societies in Europe were geographically fairly immobile, and that people only started to move in unpr&quot;}\">1<\/sup><\/a>: All data and analytics cited are sourced from &#8220;The Mobility Transition Revisited, 1500\u20131900: What the Case of Europe Can Offer to Global History&#8221; and related economic\/industrial reports. [Source 1][Source 2]<\/p>\n<\/div>\n\n\n\n<div class=\"Container-jFjATm jZIdoO\">\n<div class=\"CitationsContainer-jlOjZw rRmbi footnotes\">\n<div class=\"Box-hYgUQy Stack-cgmguR HStack-dsNZQB ennsCW kMXibF iUMlyp\">1.<img decoding=\"async\" class=\"Favicon-ixLKCF jluFqm\" src=\"https:\/\/www.researchgate.net\/favicon.ico\" alt=\"Hareketlilik Ge\u00e7i\u015finin Yeniden De\u011ferlendirilmesi, 1500-1900: Avrupa \u00d6rne\u011fi K\u00fcresel Tarihe Neler Sunabilir?\"><a class=\"CitationLink-cZteFk bifBQA text-nowrap\" href=\"https:\/\/www.researchgate.net\/publication\/46545177_The_Mobility_Transition_Revisited_1500-1900_What_the_Case_of_Europe_Can_Offer_to_Global_History\" target=\"_blank\" rel=\"noopener\">Hareketlilik Ge\u00e7i\u015finin Yeniden De\u011ferlendirilmesi, 1500-1900: Avrupa \u00d6rne\u011fi K\u00fcresel Tarihe Neler Sunabilir?<\/a><\/div>\n<\/div>\n<\/div>\n\n\n\n<div class=\"Container-jFjATm jZIdoO\">\n<div class=\"CitationsContainer-jlOjZw rRmbi footnotes\">\n<div class=\"Box-hYgUQy Stack-cgmguR HStack-dsNZQB ennsCW kMXibF iUMlyp\">2.<img decoding=\"async\" class=\"Favicon-ixLKCF jluFqm\" src=\"https:\/\/favicon.splitbee.io\/?url=www.cambridge.org\" alt=\"Hareketlilik ge\u00e7i\u015fine yeniden bak\u0131\u015f, 1500-1900: Avrupa \u00f6rne\u011finin k\u00fcresel tarihe sunabilecekleri* | Journal of Global History | Cambridge Core\"><a class=\"CitationLink-cZteFk bifBQA text-nowrap\" href=\"https:\/\/www.cambridge.org\/core\/journals\/journal-of-global-history\/article\/abs\/mobility-transition-revisited-15001900-what-the-case-of-europe-can-offer-to-global-history\/9910D4669D451853342A5D3C98E3CB51\" target=\"_blank\" rel=\"noopener\">Hareketlilik ge\u00e7i\u015fine yeniden bak\u0131\u015f, 1500-1900: Avrupa \u00f6rne\u011finin k\u00fcresel tarihe sunabilecekleri* | Journal of Global History | Cambridge Core<\/a><\/div>\n<\/div>\n<\/div>\n\n\n\n<div>&nbsp;<\/div>\n\n\n\n<div>&nbsp;<\/div>\n\n\n\n<div>\u00a0<\/div>\n\n\n\n\n\n<!DOCTYPE html>\n<html>\n<head>\n    <script src=\"https:\/\/cdn.jsdelivr.net\/npm\/chart.js\"><\/script>\n    <style>\n        .infographic-container {\n            max-width: 1200px;\n            margin: 0 auto;\n            padding: 20px;\n            font-family: Arial, sans-serif;\n        }\n        \n        .grid {\n            display: grid;\n            grid-template-columns: repeat(auto-fit, minmax(300px, 1fr));\n            gap: 20px;\n            margin-bottom: 30px;\n        }\n        \n        .stat-box {\n            background: #f5f5f5;\n            padding: 20px;\n            border-radius: 10px;\n            text-align: center;\n        }\n        \n        .chart-container {\n            position: relative;\n            width: 100%;\n            min-height: 300px;\n            margin: 20px 0;\n        }\n        \n        .trolley-svg {\n            width: 100%;\n            max-width: 200px;\n            margin: 20px auto;\n            display: block;\n        }\n        \n        @media (max-width: 768px) {\n            .grid {\n                grid-template-columns: 1fr;\n            }\n        }\n    <\/style>\n<\/head>\n<body>\n    <div class=\"infographic-container\">\n        <h2 style=\"text-align: center; color: #2c3e50;\">Fangsheng Danimarka Arabas\u0131 \u00dcretim Bilgileri<\/h2>\n        \n        <!-- Custom SVG Trolley -->\n        <div style=\"text-align: center;\">\n            <svg class=\"trolley-svg\" viewbox=\"0 0 100 100\">\n                <rect x=\"10\" y=\"50\" width=\"80\" height=\"30\" fill=\"#3498db\" rx=\"5\"\/>\n                <rect x=\"20\" y=\"40\" width=\"60\" height=\"10\" fill=\"#2980b9\"\/>\n                <circle cx=\"30\" cy=\"80\" r=\"8\" fill=\"#2c3e50\"\/>\n                <circle cx=\"70\" cy=\"80\" r=\"8\" fill=\"#2c3e50\"\/>\n            <\/svg>\n        <\/div>\n\n        <!-- Key Stats Grid -->\n        <div class=\"grid\">\n            <div class=\"stat-box\">\n                <h3>200,000+<\/h3>\n                <p>Y\u0131ll\u0131k \u00dcretim Kapasitesi<\/p>\n            <\/div>\n            <div class=\"stat-box\">\n                <h3>45%<\/h3>\n                <p>En B\u00fcy\u00fck Pazarlara \u0130hracat<\/p>\n            <\/div>\n            <div class=\"stat-box\">\n                <h3>67%<\/h3>\n                <p>Kompakt Modelleri Tercih Edin<\/p>\n            <\/div>\n        <\/div>\n\n        <!-- Bar Chart -->\n        <div class=\"chart-container\">\n            <canvas id=\"productionChart\"><\/canvas>\n        <\/div>\n\n        <!-- Pie Chart -->\n        <div class=\"chart-container\">\n            <canvas id=\"materialChart\"><\/canvas>\n        <\/div>\n    <\/div>\n\n    <script>\n        \/\/ Production Chart\n        const ctx1 = document.getElementById('productionChart').getContext('2d');\n        new Chart(ctx1, {\n            type: 'bar',\n            data: {\n                labels: ['Production Capacity', 'EU Exports', 'Compact Models'],\n                datasets: [{\n                    label: 'Key Metrics',\n                    data: [200000, 45, 67],\n                    backgroundColor: ['#3498db', '#2ecc71', '#9b59b6']\n                }]\n            },\n            options: {\n                responsive: true,\n                plugins: {\n                    legend: { display: false }\n                },\n                scales: {\n                    y: { beginAtZero: true }\n                }\n            }\n        });\n\n        \/\/ Material Chart\n        const ctx2 = document.getElementById('materialChart').getContext('2d');\n        new Chart(ctx2, {\n            type: 'pie',\n            data: {\n                labels: ['FSC-Certified', 'Other Materials'],\n                datasets: [{\n                    data: [65, 35],\n                    backgroundColor: ['#2ecc71', '#95a5a6']\n                }]\n            },\n            options: {\n                responsive: true,\n                plugins: {\n                    legend: { position: 'bottom' }\n                }\n            }\n        });\n    <\/script>\n<\/body>\n<\/html>","protected":false},"excerpt":{"rendered":"<p>Today, businesses in greenhouses, nurseries, warehouses, and logistics face a big problem: moving goods quickly, safely, and with flexibility,Danish trolleys have become the answer for many. But, are you getting the quality, reliability, and value you need? See how Fangsheng\u2019s 2000-acre, cutting-edge factory in China solves these problems for customers worldwide \u2014 from product development [&hellip;]<\/p>","protected":false},"featured_media":0,"comment_status":"open","ping_status":"closed","template":"","class_list":["post-3798","news","type-news","status-publish","hentry"],"acf":[],"_links":{"self":[{"href":"https:\/\/cnfsgroup.com\/tr\/wp-json\/wp\/v2\/news\/3798"}],"collection":[{"href":"https:\/\/cnfsgroup.com\/tr\/wp-json\/wp\/v2\/news"}],"about":[{"href":"https:\/\/cnfsgroup.com\/tr\/wp-json\/wp\/v2\/types\/news"}],"replies":[{"embeddable":true,"href":"https:\/\/cnfsgroup.com\/tr\/wp-json\/wp\/v2\/comments?post=3798"}],"wp:attachment":[{"href":"https:\/\/cnfsgroup.com\/tr\/wp-json\/wp\/v2\/media?parent=3798"}],"curies":[{"name":"wp","href":"https:\/\/api.w.org\/{rel}","templated":true}]}}